{"id":47,"date":"2021-02-11T12:15:18","date_gmt":"2021-02-11T11:15:18","guid":{"rendered":"http:\/\/www.atout-cycle.fr\/?p=47"},"modified":"2021-11-04T18:17:23","modified_gmt":"2021-11-04T17:17:23","slug":"cest-parti","status":"publish","type":"post","link":"http:\/\/www.atout-cycle.fr\/?p=47","title":{"rendered":"C\u2019est parti !"},"content":{"rendered":"\n<p>Date de publication sur blog d&rsquo;origine : 27 Novembre 2018<\/p>\n\n\n\n<figure class=\"wp-block-image size-large\"><img loading=\"lazy\" width=\"768\" height=\"1024\" src=\"http:\/\/www.atout-cycle.fr\/wp-content\/uploads\/IMG_20150728_174243-768x1024.jpg\" alt=\"\" class=\"wp-image-48\" srcset=\"http:\/\/www.atout-cycle.fr\/wp-content\/uploads\/IMG_20150728_174243-768x1024.jpg 768w, http:\/\/www.atout-cycle.fr\/wp-content\/uploads\/IMG_20150728_174243-225x300.jpg 225w, http:\/\/www.atout-cycle.fr\/wp-content\/uploads\/IMG_20150728_174243-1152x1536.jpg 1152w, http:\/\/www.atout-cycle.fr\/wp-content\/uploads\/IMG_20150728_174243.jpg 1200w\" sizes=\"(max-width: 767px) 89vw, (max-width: 1000px) 54vw, (max-width: 1071px) 543px, 580px\" \/><figcaption>Carroussel fait-maison par une \u00e9quipe de soudeurs punks internationaux lors d\u2019un \u00ab cyclo-camp \u00bb dans le bocage nantais. \u00c0 noter que chacun p\u00e9dale sur une transmission \u00e0 roue libre : celui qui ne p\u00e9dale pas s\u2019il en a assez du tournis et souhaite s\u2019arr\u00eater m\u00e9ditera sur la port\u00e9e concr\u00e8te de son boycott individuel. Celui qui saute en courses risque de tomber mais en tout cas cr\u00e9era un d\u00e9s\u00e9quilibre du reste de la structure, faisant chavirer les autres. Une oeuvre d\u2019art tr\u00e8s politique en somme, sur les limites des vertus individuelles, la r\u00e9sistance et l\u2019action collective.<\/figcaption><\/figure>\n\n\n\n<p>Ceci est un article introductif, de lancement du site.<\/p>\n\n\n\n<p>Les objets et finalit\u00e9s de ce site sont renseign\u00e9s dans diff\u00e9rentes parties. Les pages du site r\u00e9pondent au principales questions que peuvent se poser mes \u00e9ventuels clients d\u2019un point de vue pratique, mais les articles au fil de l\u2019eau viendront aussi enrichir la r\u00e9flexion et les d\u00e9couvertes &nbsp;que je souhaite partager avec tous (et pas seulement dans une relation marchande ; je veux bien faire l\u2019\u00e9picier vite fait, mais pas que). Ce site de blog est donc deux-en-un en quelque sorte : d\u2019une part des pages stables et facilement accessibles selon une arborescence de site normal, et non de blog ; d\u2019autre part des articles \u00e0 parution plus ou moins r\u00e9guli\u00e8res, dont les derniers seront mis en avant sur la page d\u2019accueil, tel un blog.<br>Bonne lecture !<\/p>\n","protected":false},"excerpt":{"rendered":"<p>Date de publication sur blog d&rsquo;origine : 27 Novembre 2018 Ceci est un article introductif, de lancement du site. Les objets et finalit\u00e9s de ce site sont renseign\u00e9s dans diff\u00e9rentes parties. Les pages du site r\u00e9pondent au principales questions que peuvent se poser mes \u00e9ventuels clients d\u2019un point de vue pratique, mais les articles au &hellip; <\/p>\n<p class=\"link-more\"><a href=\"http:\/\/www.atout-cycle.fr\/?p=47\" class=\"more-link\">Continuer la lecture<span class=\"screen-reader-text\"> de &laquo;&nbsp;C\u2019est parti !&nbsp;&raquo;<\/span><\/a><\/p>\n","protected":false},"author":1,"featured_media":0,"comment_status":"open","ping_status":"open","sticky":false,"template":"","format":"standard","meta":[],"categories":[11],"tags":[],"_links":{"self":[{"href":"http:\/\/www.atout-cycle.fr\/index.php?rest_route=\/wp\/v2\/posts\/47"}],"collection":[{"href":"http:\/\/www.atout-cycle.fr\/index.php?rest_route=\/wp\/v2\/posts"}],"about":[{"href":"http:\/\/www.atout-cycle.fr\/index.php?rest_route=\/wp\/v2\/types\/post"}],"author":[{"embeddable":true,"href":"http:\/\/www.atout-cycle.fr\/index.php?rest_route=\/wp\/v2\/users\/1"}],"replies":[{"embeddable":true,"href":"http:\/\/www.atout-cycle.fr\/index.php?rest_route=%2Fwp%2Fv2%2Fcomments&post=47"}],"version-history":[{"count":3,"href":"http:\/\/www.atout-cycle.fr\/index.php?rest_route=\/wp\/v2\/posts\/47\/revisions"}],"predecessor-version":[{"id":54,"href":"http:\/\/www.atout-cycle.fr\/index.php?rest_route=\/wp\/v2\/posts\/47\/revisions\/54"}],"wp:attachment":[{"href":"http:\/\/www.atout-cycle.fr\/index.php?rest_route=%2Fwp%2Fv2%2Fmedia&parent=47"}],"wp:term":[{"taxonomy":"category","embeddable":true,"href":"http:\/\/www.atout-cycle.fr\/index.php?rest_route=%2Fwp%2Fv2%2Fcategories&post=47"},{"taxonomy":"post_tag","embeddable":true,"href":"http:\/\/www.atout-cycle.fr\/index.php?rest_route=%2Fwp%2Fv2%2Ftags&post=47"}],"curies":[{"name":"wp","href":"https:\/\/api.w.org\/{rel}","templated":true}]}}